{"id":3880,"date":"2024-09-23T16:39:54","date_gmt":"2024-09-23T15:39:54","guid":{"rendered":"https:\/\/www.thewatcherpost.eu\/michel-barnier-compose-son-gouvernement-parmi-les-rangs-des-republicains-et-de-lex-majorite-presidentielle\/"},"modified":"2024-09-26T13:52:20","modified_gmt":"2024-09-26T12:52:20","slug":"michel-barnier-compose-son-gouvernement-parmi-les-rangs-des-republicains-et-de-lex-majorite-presidentielle","status":"publish","type":"post","link":"https:\/\/www.thewatcherpost.eu\/fr\/michel-barnier-compose-son-gouvernement-parmi-les-rangs-des-republicains-et-de-lex-majorite-presidentielle\/","title":{"rendered":"Michel Barnier compose son gouvernement parmi les rangs des R\u00e9publicains et de l\u2019ex-majorit\u00e9 pr\u00e9sidentielle"},"content":{"rendered":"\n<p>Samedi 21 septembre, apr\u00e8s deux semaines de tractations, le Premier ministre <strong>Michel Barnier<\/strong> a d\u00e9voil\u00e9 la composition du nouveau gouvernement : 39 ministres, ministres d\u00e9l\u00e9gu\u00e9s et secr\u00e9taires d\u2019\u00c9tat, issus majoritairement du parti Les R\u00e9publicains (LR) et de l&rsquo;ex-majorit\u00e9 pr\u00e9sidentielle.<\/p>\n\n<p>Le Premier ministre avait pour mission de former une \u00e9quipe \u00ab\u00a0de rassemblement au service du pays\u00a0\u00bb, selon les mots de la pr\u00e9sidence de la R\u00e9publique, alors que l\u2019Assembl\u00e9e nationale est fractur\u00e9e en trois blocs (NFP, bloc central et le RN et ses alli\u00e9s). Michel Barnier, LR, l\u2019avait d\u00e9clar\u00e9, le 12 septembre : son futur gouvernement serait certes \u00ab\u00a0\u00e9quilibr\u00e9, repr\u00e9sentatif, pluriel\u00a0\u00bb, mais aussi \u00ab\u00a0naturellement [avec] sa famille politique\u00a0\u00bb. <br\/>Apr\u00e8s deux semaines de discussions tumultueuses, le nouveau gouvernement est connu : LR h\u00e9rite de dix postes, dont trois de plein exercice. Le reste des membres du gouvernement est principalement issu des repr\u00e9sentants des partis de l&rsquo;ex-majorit\u00e9 d&rsquo;Emmanuel Macron, Ensemble, le MoDem et Horizons. <\/p>\n\n<p>Bruno Retailleau, pr\u00e9sident des s\u00e9nateurs LR, devient Ministre de l&rsquo;Int\u00e9rieur. La d\u00e9put\u00e9e Annie Genevard est d\u00e9sormais ministre de l&rsquo;Agriculture, de la Souverainet\u00e9 alimentaire et de la For\u00eat et Gil Av\u00e9rous, maire de Ch\u00e2teauroux, Divers droite, est nomm\u00e9 aux Sports. Patrick Hetzel est nomm\u00e9 Ministre de l\u2019Enseignement Sup\u00e9rieur.<\/p>\n\n<p>Du cot\u00e9 de l\u2019ex-majorit\u00e9 pr\u00e9sidentielle, S\u00e9bastien Lecornu conserve ainsi son poste aux Arm\u00e9es et Rachida Dati reste au minist\u00e8re de la Culture. Parmi les anciens ministres on retrouve Catherine Vautrin, qui sera d\u00e9sormais ministre du Partenariat avec les territoires et de la D\u00e9centralisation, Guillaume Kasbarian \u00e0 la Fonction publique et Agn\u00e8s Pannier-Runacher nomm\u00e9e ministre de la Transition \u00e9cologique, de l&rsquo;Energie, du Climat et de la Pr\u00e9vention des risques. Jean-No\u00ebl Barrot est promu \u00e0 l&rsquo;Europe et aux Affaires \u00e9trang\u00e8res. Benjamin Haddad, d\u00e9put\u00e9 LREM, est nomm\u00e9 Ministre d\u00e9l\u00e9gu\u00e9 charg\u00e9 de l\u2019Europe : dipl\u00f4m\u00e9 d\u2019un master en relations internationales \u00e0 Sciences-Po, il a \u00e9t\u00e9 secr\u00e9taire national de l\u2019UMP de 2011 \u00e0 2014, avant de rejoindre le parti d\u2019Emmanuel Macron en 2017.<\/p>\n\n<p>Antoine Armand, d\u00e9put\u00e9 Renaissance, est nomm\u00e9 ministre de l&rsquo;Economie, des Finances et de l\u2019Industrie et Laurent Saint-Martin ministre du Budget. Le budget est m\u00eame directement sous l\u2019autorit\u00e9 du premier ministre Michel Barnier. Genevi\u00e8ve Darrieussecq est nomm\u00e9e ministre de la Sant\u00e9 et de l&rsquo;Acc\u00e8s aux soins. Marc Ferracci, d\u00e9put\u00e9, est nomm\u00e9 \u00e0 l&rsquo;Industrie, et Astrid Panosyan-Bouvet au Travail. La d\u00e9put\u00e9e Renaissance Anne Genetet est nomm\u00e9e \u00e0 l&rsquo;Education.<\/p>\n\n<p>Didier Migaud, Divers gauche, ancien pr\u00e9sident de la Cour des comptes est nomm\u00e9 ministre de la Justice.<\/p>\n\n<p>Michel Barnier is due to set out his policy in his general policy statement to the National Assembly on <strong>1 October<\/strong>. The first issue the government will have to tackle is the <strong>budget<\/strong>. <\/p>\n\n<figure class=\"wp-block-embed aligncenter is-type-rich is-provider-twitter wp-block-embed-twitter\"><div class=\"wp-block-embed__wrapper\"> \n<blockquote class=\"twitter-tweet\" data-width=\"500\" data-dnt=\"true\"><p lang=\"fr\" dir=\"ltr\">Je souhaite que la sant\u00e9 mentale soit la grande cause nationale en 2025. <a href=\"https:\/\/t.co\/yeJeU6MYu7\">pic.twitter.com\/yeJeU6MYu7<\/a><\/p>&mdash; Michel Barnier (@MichelBarnier) <a href=\"https:\/\/twitter.com\/MichelBarnier\/status\/1837968454835753020?ref_src=twsrc%5Etfw\">September 22, 2024<\/a><\/blockquote><script async src=\"https:\/\/platform.twitter.com\/widgets.js\" charset=\"utf-8\"><\/script>\n <\/div><\/figure>\n","protected":false},"excerpt":{"rendered":"<p>Samedi 21 septembre, apr\u00e8s deux semaines de tractations, le Premier ministre Michel Barnier a d\u00e9voil\u00e9 la composition du nouveau gouvernement : 39 ministres, ministres d\u00e9l\u00e9gu\u00e9s&#8230;<\/p>\n","protected":false},"author":53,"featured_media":3874,"comment_status":"open","ping_status":"closed","sticky":false,"template":"","format":"standard","meta":{"footnotes":""},"categories":[5634],"tags":[6101,6098,5769,6097],"rubrica":[],"class_list":["post-3880","post","type-post","status-publish","format-standard","has-post-thumbnail","hentry","category-politique-et-economie","tag-2024-fr","tag-barnier-fr","tag-france-fr","tag-lections"],"yoast_head":"<!-- This site is optimized with the Yoast SEO plugin v26.3 - https:\/\/yoast.com\/wordpress\/plugins\/seo\/ -->\n<title>Michel Barnier compose son gouvernement parmi les rangs des R\u00e9publicains et de l\u2019ex-majorit\u00e9 pr\u00e9sidentielle - The Watcher Post<\/title>\n<meta name=\"description\" content=\"Samedi 21 septembre, apr\u00e8s deux semaines de tractations, le Premier ministre Michel Barnier a d\u00e9voil\u00e9 la composition du nouveau gouvernement : 39 ministres, ministres d\u00e9l\u00e9gu\u00e9s et secr\u00e9taires d\u2019\u00c9tat, issus majoritairement du parti Les R\u00e9publicains (LR) et de l&#039;ex-majorit\u00e9 pr\u00e9sidentielle.\" \/>\n<meta name=\"robots\" content=\"index, follow, max-snippet:-1, max-image-preview:large, max-video-preview:-1\" \/>\n<link rel=\"canonical\" href=\"https:\/\/www.thewatcherpost.eu\/fr\/michel-barnier-compose-son-gouvernement-parmi-les-rangs-des-republicains-et-de-lex-majorite-presidentielle\/\" \/>\n<meta property=\"og:locale\" content=\"fr_FR\" \/>\n<meta property=\"og:type\" content=\"article\" \/>\n<meta property=\"og:title\" content=\"Michel Barnier compose son gouvernement parmi les rangs des R\u00e9publicains et de l\u2019ex-majorit\u00e9 pr\u00e9sidentielle - The Watcher Post\" \/>\n<meta property=\"og:description\" content=\"Samedi 21 septembre, apr\u00e8s deux semaines de tractations, le Premier ministre Michel Barnier a d\u00e9voil\u00e9 la composition du nouveau gouvernement : 39 ministres, ministres d\u00e9l\u00e9gu\u00e9s et secr\u00e9taires d\u2019\u00c9tat, issus majoritairement du parti Les R\u00e9publicains (LR) et de l&#039;ex-majorit\u00e9 pr\u00e9sidentielle.\" \/>\n<meta property=\"og:url\" content=\"https:\/\/www.thewatcherpost.eu\/fr\/michel-barnier-compose-son-gouvernement-parmi-les-rangs-des-republicains-et-de-lex-majorite-presidentielle\/\" \/>\n<meta property=\"og:site_name\" content=\"The Watcher Post\" \/>\n<meta property=\"article:publisher\" content=\"https:\/\/www.facebook.com\/thewatcherpost\/\" \/>\n<meta property=\"article:published_time\" content=\"2024-09-23T15:39:54+00:00\" \/>\n<meta property=\"article:modified_time\" content=\"2024-09-26T12:52:20+00:00\" \/>\n<meta property=\"og:image\" content=\"https:\/\/www.thewatcherpost.eu\/wp-content\/uploads\/2024\/04\/Senza-titolo-1.jpg\" \/>\n\t<meta property=\"og:image:width\" content=\"1200\" \/>\n\t<meta property=\"og:image:height\" content=\"675\" \/>\n\t<meta property=\"og:image:type\" content=\"image\/jpeg\" \/>\n<meta name=\"author\" content=\"Eleonore Para\" \/>\n<meta name=\"twitter:card\" content=\"summary_large_image\" \/>\n<meta name=\"twitter:creator\" content=\"@thewatcherpost\" \/>\n<meta name=\"twitter:site\" content=\"@thewatcherpost\" \/>\n<meta name=\"twitter:label1\" content=\"\u00c9crit par\" \/>\n\t<meta name=\"twitter:data1\" content=\"Eleonore Para\" \/>\n\t<meta name=\"twitter:label2\" content=\"Dur\u00e9e de lecture estim\u00e9e\" \/>\n\t<meta name=\"twitter:data2\" content=\"2 minutes\" \/>\n<script type=\"application\/ld+json\" class=\"yoast-schema-graph\">{\"@context\":\"https:\/\/schema.org\",\"@graph\":[{\"@type\":\"Article\",\"@id\":\"https:\/\/www.thewatcherpost.eu\/fr\/michel-barnier-compose-son-gouvernement-parmi-les-rangs-des-republicains-et-de-lex-majorite-presidentielle\/#article\",\"isPartOf\":{\"@id\":\"https:\/\/www.thewatcherpost.eu\/fr\/michel-barnier-compose-son-gouvernement-parmi-les-rangs-des-republicains-et-de-lex-majorite-presidentielle\/\"},\"author\":{\"name\":\"Eleonore Para\",\"@id\":\"https:\/\/www.thewatcherpost.eu\/fr\/#\/schema\/person\/9a73984e28919dbd649e3481fbcf24f6\"},\"headline\":\"Michel Barnier compose son gouvernement parmi les rangs des R\u00e9publicains et de l\u2019ex-majorit\u00e9 pr\u00e9sidentielle\",\"datePublished\":\"2024-09-23T15:39:54+00:00\",\"dateModified\":\"2024-09-26T12:52:20+00:00\",\"mainEntityOfPage\":{\"@id\":\"https:\/\/www.thewatcherpost.eu\/fr\/michel-barnier-compose-son-gouvernement-parmi-les-rangs-des-republicains-et-de-lex-majorite-presidentielle\/\"},\"wordCount\":512,\"commentCount\":0,\"publisher\":{\"@id\":\"https:\/\/www.thewatcherpost.eu\/fr\/#organization\"},\"image\":{\"@id\":\"https:\/\/www.thewatcherpost.eu\/fr\/michel-barnier-compose-son-gouvernement-parmi-les-rangs-des-republicains-et-de-lex-majorite-presidentielle\/#primaryimage\"},\"thumbnailUrl\":\"https:\/\/www.thewatcherpost.eu\/wp-content\/uploads\/2024\/09\/https-d1e00ek4ebabms.cloudfront.net-production-4c22901d-2cc9-43c6-81f9-23fc6595c594.jpg.avif\",\"keywords\":[\"2024\",\"Barnier\",\"France\",\"lections\"],\"articleSection\":[\"Politique et \u00e9conomie\"],\"inLanguage\":\"fr-FR\",\"potentialAction\":[{\"@type\":\"CommentAction\",\"name\":\"Comment\",\"target\":[\"https:\/\/www.thewatcherpost.eu\/fr\/michel-barnier-compose-son-gouvernement-parmi-les-rangs-des-republicains-et-de-lex-majorite-presidentielle\/#respond\"]}]},{\"@type\":\"WebPage\",\"@id\":\"https:\/\/www.thewatcherpost.eu\/fr\/michel-barnier-compose-son-gouvernement-parmi-les-rangs-des-republicains-et-de-lex-majorite-presidentielle\/\",\"url\":\"https:\/\/www.thewatcherpost.eu\/fr\/michel-barnier-compose-son-gouvernement-parmi-les-rangs-des-republicains-et-de-lex-majorite-presidentielle\/\",\"name\":\"Michel Barnier compose son gouvernement parmi les rangs des R\u00e9publicains et de l\u2019ex-majorit\u00e9 pr\u00e9sidentielle - The Watcher Post\",\"isPartOf\":{\"@id\":\"https:\/\/www.thewatcherpost.eu\/fr\/#website\"},\"primaryImageOfPage\":{\"@id\":\"https:\/\/www.thewatcherpost.eu\/fr\/michel-barnier-compose-son-gouvernement-parmi-les-rangs-des-republicains-et-de-lex-majorite-presidentielle\/#primaryimage\"},\"image\":{\"@id\":\"https:\/\/www.thewatcherpost.eu\/fr\/michel-barnier-compose-son-gouvernement-parmi-les-rangs-des-republicains-et-de-lex-majorite-presidentielle\/#primaryimage\"},\"thumbnailUrl\":\"https:\/\/www.thewatcherpost.eu\/wp-content\/uploads\/2024\/09\/https-d1e00ek4ebabms.cloudfront.net-production-4c22901d-2cc9-43c6-81f9-23fc6595c594.jpg.avif\",\"datePublished\":\"2024-09-23T15:39:54+00:00\",\"dateModified\":\"2024-09-26T12:52:20+00:00\",\"description\":\"Samedi 21 septembre, apr\u00e8s deux semaines de tractations, le Premier ministre Michel Barnier a d\u00e9voil\u00e9 la composition du nouveau gouvernement : 39 ministres, ministres d\u00e9l\u00e9gu\u00e9s et secr\u00e9taires d\u2019\u00c9tat, issus majoritairement du parti Les R\u00e9publicains (LR) et de l'ex-majorit\u00e9 pr\u00e9sidentielle.\",\"breadcrumb\":{\"@id\":\"https:\/\/www.thewatcherpost.eu\/fr\/michel-barnier-compose-son-gouvernement-parmi-les-rangs-des-republicains-et-de-lex-majorite-presidentielle\/#breadcrumb\"},\"inLanguage\":\"fr-FR\",\"potentialAction\":[{\"@type\":\"ReadAction\",\"target\":[\"https:\/\/www.thewatcherpost.eu\/fr\/michel-barnier-compose-son-gouvernement-parmi-les-rangs-des-republicains-et-de-lex-majorite-presidentielle\/\"]}]},{\"@type\":\"ImageObject\",\"inLanguage\":\"fr-FR\",\"@id\":\"https:\/\/www.thewatcherpost.eu\/fr\/michel-barnier-compose-son-gouvernement-parmi-les-rangs-des-republicains-et-de-lex-majorite-presidentielle\/#primaryimage\",\"url\":\"https:\/\/www.thewatcherpost.eu\/wp-content\/uploads\/2024\/09\/https-d1e00ek4ebabms.cloudfront.net-production-4c22901d-2cc9-43c6-81f9-23fc6595c594.jpg.avif\",\"contentUrl\":\"https:\/\/www.thewatcherpost.eu\/wp-content\/uploads\/2024\/09\/https-d1e00ek4ebabms.cloudfront.net-production-4c22901d-2cc9-43c6-81f9-23fc6595c594.jpg.avif\",\"width\":700,\"height\":394},{\"@type\":\"BreadcrumbList\",\"@id\":\"https:\/\/www.thewatcherpost.eu\/fr\/michel-barnier-compose-son-gouvernement-parmi-les-rangs-des-republicains-et-de-lex-majorite-presidentielle\/#breadcrumb\",\"itemListElement\":[{\"@type\":\"ListItem\",\"position\":1,\"name\":\"Home\",\"item\":\"https:\/\/www.thewatcherpost.eu\/fr\/\"},{\"@type\":\"ListItem\",\"position\":2,\"name\":\"Michel Barnier compose son gouvernement parmi les rangs des R\u00e9publicains et de l\u2019ex-majorit\u00e9 pr\u00e9sidentielle\"}]},{\"@type\":\"WebSite\",\"@id\":\"https:\/\/www.thewatcherpost.eu\/fr\/#website\",\"url\":\"https:\/\/www.thewatcherpost.eu\/fr\/\",\"name\":\"The Watcher Post\",\"description\":\"Online newspaper platform for political and economic analysis\",\"publisher\":{\"@id\":\"https:\/\/www.thewatcherpost.eu\/fr\/#organization\"},\"alternateName\":\"The Watcher Post\",\"potentialAction\":[{\"@type\":\"SearchAction\",\"target\":{\"@type\":\"EntryPoint\",\"urlTemplate\":\"https:\/\/www.thewatcherpost.eu\/fr\/?s={search_term_string}\"},\"query-input\":{\"@type\":\"PropertyValueSpecification\",\"valueRequired\":true,\"valueName\":\"search_term_string\"}}],\"inLanguage\":\"fr-FR\"},{\"@type\":\"Organization\",\"@id\":\"https:\/\/www.thewatcherpost.eu\/fr\/#organization\",\"name\":\"The Watcher Post\",\"url\":\"https:\/\/www.thewatcherpost.eu\/fr\/\",\"logo\":{\"@type\":\"ImageObject\",\"inLanguage\":\"fr-FR\",\"@id\":\"https:\/\/www.thewatcherpost.eu\/fr\/#\/schema\/logo\/image\/\",\"url\":\"https:\/\/www.thewatcherpost.eu\/wp-content\/uploads\/2024\/04\/logo_white_twp.png\",\"contentUrl\":\"https:\/\/www.thewatcherpost.eu\/wp-content\/uploads\/2024\/04\/logo_white_twp.png\",\"width\":800,\"height\":156,\"caption\":\"The Watcher Post\"},\"image\":{\"@id\":\"https:\/\/www.thewatcherpost.eu\/fr\/#\/schema\/logo\/image\/\"},\"sameAs\":[\"https:\/\/www.facebook.com\/thewatcherpost\/\",\"https:\/\/x.com\/thewatcherpost\",\"https:\/\/www.linkedin.com\/company\/the-watcher-post\/\",\"https:\/\/www.youtube.com\/channel\/UCzJw6UA1OWVTw1s0DOajR1A\"]},{\"@type\":\"Person\",\"@id\":\"https:\/\/www.thewatcherpost.eu\/fr\/#\/schema\/person\/9a73984e28919dbd649e3481fbcf24f6\",\"name\":\"Eleonore Para\",\"image\":{\"@type\":\"ImageObject\",\"inLanguage\":\"fr-FR\",\"@id\":\"https:\/\/www.thewatcherpost.eu\/fr\/#\/schema\/person\/image\/\",\"url\":\"https:\/\/www.thewatcherpost.eu\/wp-content\/uploads\/2024\/04\/avatar_user_53_1713265280-96x96.jpeg\",\"contentUrl\":\"https:\/\/www.thewatcherpost.eu\/wp-content\/uploads\/2024\/04\/avatar_user_53_1713265280-96x96.jpeg\",\"caption\":\"Eleonore Para\"},\"description\":\"Eleonore Para is based in France. She used to be Director of Institutional Affairs for a multinational retail company in Italy. For seven years Eleonore was Head of Institutional Affairs for Lottomatica \u2013 now IGT, a leading company in the gambling and lottery market in Italy. Before that, she assumed the role of Head of institutional and international relations of the ARJEL (online gaming public authority) in Paris. She began her professional career in an association fighting violences againts women, after studying law at Paris II Assas and obtaining a Master's degree in European Union law. She also held the role of legal attach\u00e9 of the Economic Mission of the French Embassy in Italy and of Senior Manager for a Public Affairs agency in Paris.\",\"url\":\"https:\/\/www.thewatcherpost.eu\/fr\/author\/eleonore-para\/\"}]}<\/script>\n<!-- \/ Yoast SEO plugin. -->","yoast_head_json":{"title":"Michel Barnier compose son gouvernement parmi les rangs des R\u00e9publicains et de l\u2019ex-majorit\u00e9 pr\u00e9sidentielle - The Watcher Post","description":"Samedi 21 septembre, apr\u00e8s deux semaines de tractations, le Premier ministre Michel Barnier a d\u00e9voil\u00e9 la composition du nouveau gouvernement : 39 ministres, ministres d\u00e9l\u00e9gu\u00e9s et secr\u00e9taires d\u2019\u00c9tat, issus majoritairement du parti Les R\u00e9publicains (LR) et de l'ex-majorit\u00e9 pr\u00e9sidentielle.","robots":{"index":"index","follow":"follow","max-snippet":"max-snippet:-1","max-image-preview":"max-image-preview:large","max-video-preview":"max-video-preview:-1"},"canonical":"https:\/\/www.thewatcherpost.eu\/fr\/michel-barnier-compose-son-gouvernement-parmi-les-rangs-des-republicains-et-de-lex-majorite-presidentielle\/","og_locale":"fr_FR","og_type":"article","og_title":"Michel Barnier compose son gouvernement parmi les rangs des R\u00e9publicains et de l\u2019ex-majorit\u00e9 pr\u00e9sidentielle - The Watcher Post","og_description":"Samedi 21 septembre, apr\u00e8s deux semaines de tractations, le Premier ministre Michel Barnier a d\u00e9voil\u00e9 la composition du nouveau gouvernement : 39 ministres, ministres d\u00e9l\u00e9gu\u00e9s et secr\u00e9taires d\u2019\u00c9tat, issus majoritairement du parti Les R\u00e9publicains (LR) et de l'ex-majorit\u00e9 pr\u00e9sidentielle.","og_url":"https:\/\/www.thewatcherpost.eu\/fr\/michel-barnier-compose-son-gouvernement-parmi-les-rangs-des-republicains-et-de-lex-majorite-presidentielle\/","og_site_name":"The Watcher Post","article_publisher":"https:\/\/www.facebook.com\/thewatcherpost\/","article_published_time":"2024-09-23T15:39:54+00:00","article_modified_time":"2024-09-26T12:52:20+00:00","og_image":[{"width":1200,"height":675,"url":"https:\/\/www.thewatcherpost.eu\/wp-content\/uploads\/2024\/04\/Senza-titolo-1.jpg","type":"image\/jpeg"}],"author":"Eleonore Para","twitter_card":"summary_large_image","twitter_creator":"@thewatcherpost","twitter_site":"@thewatcherpost","twitter_misc":{"\u00c9crit par":"Eleonore Para","Dur\u00e9e de lecture estim\u00e9e":"2 minutes"},"schema":{"@context":"https:\/\/schema.org","@graph":[{"@type":"Article","@id":"https:\/\/www.thewatcherpost.eu\/fr\/michel-barnier-compose-son-gouvernement-parmi-les-rangs-des-republicains-et-de-lex-majorite-presidentielle\/#article","isPartOf":{"@id":"https:\/\/www.thewatcherpost.eu\/fr\/michel-barnier-compose-son-gouvernement-parmi-les-rangs-des-republicains-et-de-lex-majorite-presidentielle\/"},"author":{"name":"Eleonore Para","@id":"https:\/\/www.thewatcherpost.eu\/fr\/#\/schema\/person\/9a73984e28919dbd649e3481fbcf24f6"},"headline":"Michel Barnier compose son gouvernement parmi les rangs des R\u00e9publicains et de l\u2019ex-majorit\u00e9 pr\u00e9sidentielle","datePublished":"2024-09-23T15:39:54+00:00","dateModified":"2024-09-26T12:52:20+00:00","mainEntityOfPage":{"@id":"https:\/\/www.thewatcherpost.eu\/fr\/michel-barnier-compose-son-gouvernement-parmi-les-rangs-des-republicains-et-de-lex-majorite-presidentielle\/"},"wordCount":512,"commentCount":0,"publisher":{"@id":"https:\/\/www.thewatcherpost.eu\/fr\/#organization"},"image":{"@id":"https:\/\/www.thewatcherpost.eu\/fr\/michel-barnier-compose-son-gouvernement-parmi-les-rangs-des-republicains-et-de-lex-majorite-presidentielle\/#primaryimage"},"thumbnailUrl":"https:\/\/www.thewatcherpost.eu\/wp-content\/uploads\/2024\/09\/https-d1e00ek4ebabms.cloudfront.net-production-4c22901d-2cc9-43c6-81f9-23fc6595c594.jpg.avif","keywords":["2024","Barnier","France","lections"],"articleSection":["Politique et \u00e9conomie"],"inLanguage":"fr-FR","potentialAction":[{"@type":"CommentAction","name":"Comment","target":["https:\/\/www.thewatcherpost.eu\/fr\/michel-barnier-compose-son-gouvernement-parmi-les-rangs-des-republicains-et-de-lex-majorite-presidentielle\/#respond"]}]},{"@type":"WebPage","@id":"https:\/\/www.thewatcherpost.eu\/fr\/michel-barnier-compose-son-gouvernement-parmi-les-rangs-des-republicains-et-de-lex-majorite-presidentielle\/","url":"https:\/\/www.thewatcherpost.eu\/fr\/michel-barnier-compose-son-gouvernement-parmi-les-rangs-des-republicains-et-de-lex-majorite-presidentielle\/","name":"Michel Barnier compose son gouvernement parmi les rangs des R\u00e9publicains et de l\u2019ex-majorit\u00e9 pr\u00e9sidentielle - The Watcher Post","isPartOf":{"@id":"https:\/\/www.thewatcherpost.eu\/fr\/#website"},"primaryImageOfPage":{"@id":"https:\/\/www.thewatcherpost.eu\/fr\/michel-barnier-compose-son-gouvernement-parmi-les-rangs-des-republicains-et-de-lex-majorite-presidentielle\/#primaryimage"},"image":{"@id":"https:\/\/www.thewatcherpost.eu\/fr\/michel-barnier-compose-son-gouvernement-parmi-les-rangs-des-republicains-et-de-lex-majorite-presidentielle\/#primaryimage"},"thumbnailUrl":"https:\/\/www.thewatcherpost.eu\/wp-content\/uploads\/2024\/09\/https-d1e00ek4ebabms.cloudfront.net-production-4c22901d-2cc9-43c6-81f9-23fc6595c594.jpg.avif","datePublished":"2024-09-23T15:39:54+00:00","dateModified":"2024-09-26T12:52:20+00:00","description":"Samedi 21 septembre, apr\u00e8s deux semaines de tractations, le Premier ministre Michel Barnier a d\u00e9voil\u00e9 la composition du nouveau gouvernement : 39 ministres, ministres d\u00e9l\u00e9gu\u00e9s et secr\u00e9taires d\u2019\u00c9tat, issus majoritairement du parti Les R\u00e9publicains (LR) et de l'ex-majorit\u00e9 pr\u00e9sidentielle.","breadcrumb":{"@id":"https:\/\/www.thewatcherpost.eu\/fr\/michel-barnier-compose-son-gouvernement-parmi-les-rangs-des-republicains-et-de-lex-majorite-presidentielle\/#breadcrumb"},"inLanguage":"fr-FR","potentialAction":[{"@type":"ReadAction","target":["https:\/\/www.thewatcherpost.eu\/fr\/michel-barnier-compose-son-gouvernement-parmi-les-rangs-des-republicains-et-de-lex-majorite-presidentielle\/"]}]},{"@type":"ImageObject","inLanguage":"fr-FR","@id":"https:\/\/www.thewatcherpost.eu\/fr\/michel-barnier-compose-son-gouvernement-parmi-les-rangs-des-republicains-et-de-lex-majorite-presidentielle\/#primaryimage","url":"https:\/\/www.thewatcherpost.eu\/wp-content\/uploads\/2024\/09\/https-d1e00ek4ebabms.cloudfront.net-production-4c22901d-2cc9-43c6-81f9-23fc6595c594.jpg.avif","contentUrl":"https:\/\/www.thewatcherpost.eu\/wp-content\/uploads\/2024\/09\/https-d1e00ek4ebabms.cloudfront.net-production-4c22901d-2cc9-43c6-81f9-23fc6595c594.jpg.avif","width":700,"height":394},{"@type":"BreadcrumbList","@id":"https:\/\/www.thewatcherpost.eu\/fr\/michel-barnier-compose-son-gouvernement-parmi-les-rangs-des-republicains-et-de-lex-majorite-presidentielle\/#breadcrumb","itemListElement":[{"@type":"ListItem","position":1,"name":"Home","item":"https:\/\/www.thewatcherpost.eu\/fr\/"},{"@type":"ListItem","position":2,"name":"Michel Barnier compose son gouvernement parmi les rangs des R\u00e9publicains et de l\u2019ex-majorit\u00e9 pr\u00e9sidentielle"}]},{"@type":"WebSite","@id":"https:\/\/www.thewatcherpost.eu\/fr\/#website","url":"https:\/\/www.thewatcherpost.eu\/fr\/","name":"The Watcher Post","description":"Online newspaper platform for political and economic analysis","publisher":{"@id":"https:\/\/www.thewatcherpost.eu\/fr\/#organization"},"alternateName":"The Watcher Post","potentialAction":[{"@type":"SearchAction","target":{"@type":"EntryPoint","urlTemplate":"https:\/\/www.thewatcherpost.eu\/fr\/?s={search_term_string}"},"query-input":{"@type":"PropertyValueSpecification","valueRequired":true,"valueName":"search_term_string"}}],"inLanguage":"fr-FR"},{"@type":"Organization","@id":"https:\/\/www.thewatcherpost.eu\/fr\/#organization","name":"The Watcher Post","url":"https:\/\/www.thewatcherpost.eu\/fr\/","logo":{"@type":"ImageObject","inLanguage":"fr-FR","@id":"https:\/\/www.thewatcherpost.eu\/fr\/#\/schema\/logo\/image\/","url":"https:\/\/www.thewatcherpost.eu\/wp-content\/uploads\/2024\/04\/logo_white_twp.png","contentUrl":"https:\/\/www.thewatcherpost.eu\/wp-content\/uploads\/2024\/04\/logo_white_twp.png","width":800,"height":156,"caption":"The Watcher Post"},"image":{"@id":"https:\/\/www.thewatcherpost.eu\/fr\/#\/schema\/logo\/image\/"},"sameAs":["https:\/\/www.facebook.com\/thewatcherpost\/","https:\/\/x.com\/thewatcherpost","https:\/\/www.linkedin.com\/company\/the-watcher-post\/","https:\/\/www.youtube.com\/channel\/UCzJw6UA1OWVTw1s0DOajR1A"]},{"@type":"Person","@id":"https:\/\/www.thewatcherpost.eu\/fr\/#\/schema\/person\/9a73984e28919dbd649e3481fbcf24f6","name":"Eleonore Para","image":{"@type":"ImageObject","inLanguage":"fr-FR","@id":"https:\/\/www.thewatcherpost.eu\/fr\/#\/schema\/person\/image\/","url":"https:\/\/www.thewatcherpost.eu\/wp-content\/uploads\/2024\/04\/avatar_user_53_1713265280-96x96.jpeg","contentUrl":"https:\/\/www.thewatcherpost.eu\/wp-content\/uploads\/2024\/04\/avatar_user_53_1713265280-96x96.jpeg","caption":"Eleonore Para"},"description":"Eleonore Para is based in France. She used to be Director of Institutional Affairs for a multinational retail company in Italy. For seven years Eleonore was Head of Institutional Affairs for Lottomatica \u2013 now IGT, a leading company in the gambling and lottery market in Italy. Before that, she assumed the role of Head of institutional and international relations of the ARJEL (online gaming public authority) in Paris. She began her professional career in an association fighting violences againts women, after studying law at Paris II Assas and obtaining a Master's degree in European Union law. She also held the role of legal attach\u00e9 of the Economic Mission of the French Embassy in Italy and of Senior Manager for a Public Affairs agency in Paris.","url":"https:\/\/www.thewatcherpost.eu\/fr\/author\/eleonore-para\/"}]}},"meta_box":{"play_badge":"","text_reference":"","codice_embed_articolo":"","usa_casella_autore":"","select_autore":"","text_autore":"","lf_rubrica":"","articolo_in_inglese":""},"_links":{"self":[{"href":"https:\/\/www.thewatcherpost.eu\/fr\/wp-json\/wp\/v2\/posts\/3880","targetHints":{"allow":["GET"]}}],"collection":[{"href":"https:\/\/www.thewatcherpost.eu\/fr\/wp-json\/wp\/v2\/posts"}],"about":[{"href":"https:\/\/www.thewatcherpost.eu\/fr\/wp-json\/wp\/v2\/types\/post"}],"author":[{"embeddable":true,"href":"https:\/\/www.thewatcherpost.eu\/fr\/wp-json\/wp\/v2\/users\/53"}],"replies":[{"embeddable":true,"href":"https:\/\/www.thewatcherpost.eu\/fr\/wp-json\/wp\/v2\/comments?post=3880"}],"version-history":[{"count":2,"href":"https:\/\/www.thewatcherpost.eu\/fr\/wp-json\/wp\/v2\/posts\/3880\/revisions"}],"predecessor-version":[{"id":3913,"href":"https:\/\/www.thewatcherpost.eu\/fr\/wp-json\/wp\/v2\/posts\/3880\/revisions\/3913"}],"wp:featuredmedia":[{"embeddable":true,"href":"https:\/\/www.thewatcherpost.eu\/fr\/wp-json\/wp\/v2\/media\/3874"}],"wp:attachment":[{"href":"https:\/\/www.thewatcherpost.eu\/fr\/wp-json\/wp\/v2\/media?parent=3880"}],"wp:term":[{"taxonomy":"category","embeddable":true,"href":"https:\/\/www.thewatcherpost.eu\/fr\/wp-json\/wp\/v2\/categories?post=3880"},{"taxonomy":"post_tag","embeddable":true,"href":"https:\/\/www.thewatcherpost.eu\/fr\/wp-json\/wp\/v2\/tags?post=3880"},{"taxonomy":"rubrica","embeddable":true,"href":"https:\/\/www.thewatcherpost.eu\/fr\/wp-json\/wp\/v2\/rubrica?post=3880"}],"curies":[{"name":"wp","href":"https:\/\/api.w.org\/{rel}","templated":true}]}}