{"id":499,"date":"2024-01-26T17:06:32","date_gmt":"2024-01-26T16:06:32","guid":{"rendered":"https:\/\/www.thewatcherpost.eu\/actualites\/leurodeputee-francaise-valerie-hayer-a-ete-elue-ce-jeudi-matin-presidente-de-renew-europe-le-groupe-centriste-du-parlement-europeen\/"},"modified":"2024-03-26T17:21:58","modified_gmt":"2024-03-26T16:21:58","slug":"leurodeputee-francaise-valerie-hayer-a-ete-elue-ce-jeudi-matin-presidente-de-renew-europe-le-groupe-centriste-du-parlement-europeen","status":"publish","type":"post","link":"https:\/\/www.thewatcherpost.eu\/fr\/leurodeputee-francaise-valerie-hayer-a-ete-elue-ce-jeudi-matin-presidente-de-renew-europe-le-groupe-centriste-du-parlement-europeen\/","title":{"rendered":"L&rsquo;eurod\u00e9put\u00e9e fran\u00e7aise Val\u00e9rie Hayer a \u00e9t\u00e9 \u00e9lue ce jeudi matin pr\u00e9sidente de Renew Europe, le groupe centriste du Parlement europ\u00e9en"},"content":{"rendered":"\n<p>Conseill\u00e8re municipale \u00e0 Saint-Denis-d\u2019Anjou \u00e0 l\u2019\u00e2ge de 21 ans, puis conseill\u00e8re d\u00e9partementale de la Mayenne \u00e0 29 ans, <a href=\"https:\/\/it.wikipedia.org\/wiki\/Val%C3%A9rie_Hayer\">Val\u00e9rie Hayer<\/a> a \u00e9t\u00e9 \u00e9lue au <a href=\"https:\/\/www.thewatcherpost.eu\/politics-economics\/member-states-and-european-parliament-agree-on-new-rules-for-economic-governance-framework-aka-stability-and-growth-pact\/\">Parlement europ\u00e9en<\/a> en 2019, sur la liste de La R\u00e9publique en marche.<\/p>\n\n<p>Sp\u00e9cialiste des questions budg\u00e9taires, elle si\u00e8ge au sein de la Commission des budgets au Parlement europ\u00e9en. Elle est rapporteur du Parlement europ\u00e9en sur les ressources propres, pour renforcer l\u2019autonomie financi\u00e8re de l\u2019UE gr\u00e2ce \u00e0 la cr\u00e9ation de nouvelles recettes pour le budget europ\u00e9en.<\/p>\n\n<p>Depuis 2021 elle co-pr\u00e9side avec Marie-Pierre Vedrenne la d\u00e9l\u00e9gation fran\u00e7aise L\u2019Europe Ensemble au sein de Renew Europe.<\/p>\n\n<p>Val\u00e9rie Hayer succ\u00e8de \u00e0 la t\u00eate de Renew Europe \u00e0 St\u00e9phane S\u00e9journ\u00e9 qui a rejoint le gouvernement en tant que Ministre de l\u2019Europe et des Affaires \u00e9trang\u00e8res le 11 janvier. Elle va d\u00e9sormais piloter un groupe d\u2019une centaine de d\u00e9put\u00e9s issus de 24 pays diff\u00e9rents.<\/p>\n\n<p>L\u2019eurod\u00e9put\u00e9e \u00e9tait la seule candidate en lice pour la pr\u00e9sidence du groupe Renew. Parmi les candidats pressentis figurait l\u2019eurod\u00e9put\u00e9 n\u00e9erlandais Malik Azmani. Membre du Parti populaire pour la libert\u00e9 et la d\u00e9mocratie (VVD), il assurait l\u2019int\u00e9rim \u00e0 la t\u00eate du groupe Renew Europe en sa qualit\u00e9 de premier vice-pr\u00e9sident. Mais celui-ci n\u2019a finalement pas d\u00e9pos\u00e9 sa candidature.<\/p>\n","protected":false},"excerpt":{"rendered":"<p>Val\u00e9rie Hayer a \u00e9t\u00e9 \u00e9lue au Parlement europ\u00e9en en 2019, sur la liste de La R\u00e9publique en marche.<\/p>\n","protected":false},"author":1,"featured_media":498,"comment_status":"open","ping_status":"closed","sticky":false,"template":"","format":"standard","meta":{"footnotes":""},"categories":[5634],"tags":[5659,5656,5657,5658],"rubrica":[],"class_list":["post-499","post","type-post","status-publish","format-standard","has-post-thumbnail","hentry","category-politique-et-economie","tag-french-mep-fr","tag-parlement-europeen","tag-renew-europe-fr","tag-valerie-hayer-fr"],"yoast_head":"<!-- This site is optimized with the Yoast SEO plugin v26.3 - https:\/\/yoast.com\/wordpress\/plugins\/seo\/ -->\n<title>L&#039;eurod\u00e9put\u00e9e fran\u00e7aise Val\u00e9rie Hayer a \u00e9t\u00e9 \u00e9lue pr\u00e9sidente de Renew Europe<\/title>\n<meta name=\"description\" content=\"Val\u00e9rie Hayer a \u00e9t\u00e9 \u00e9lue au Parlement europ\u00e9en en 2019, sur la liste de La R\u00e9publique en marche.\" \/>\n<meta name=\"robots\" content=\"index, follow, max-snippet:-1, max-image-preview:large, max-video-preview:-1\" \/>\n<link rel=\"canonical\" href=\"https:\/\/www.thewatcherpost.eu\/fr\/leurodeputee-francaise-valerie-hayer-a-ete-elue-ce-jeudi-matin-presidente-de-renew-europe-le-groupe-centriste-du-parlement-europeen\/\" \/>\n<meta property=\"og:locale\" content=\"fr_FR\" \/>\n<meta property=\"og:type\" content=\"article\" \/>\n<meta property=\"og:title\" content=\"L&#039;eurod\u00e9put\u00e9e fran\u00e7aise Val\u00e9rie Hayer a \u00e9t\u00e9 \u00e9lue pr\u00e9sidente de Renew Europe\" \/>\n<meta property=\"og:description\" content=\"Val\u00e9rie Hayer a \u00e9t\u00e9 \u00e9lue au Parlement europ\u00e9en en 2019, sur la liste de La R\u00e9publique en marche.\" \/>\n<meta property=\"og:url\" content=\"https:\/\/www.thewatcherpost.eu\/fr\/leurodeputee-francaise-valerie-hayer-a-ete-elue-ce-jeudi-matin-presidente-de-renew-europe-le-groupe-centriste-du-parlement-europeen\/\" \/>\n<meta property=\"og:site_name\" content=\"The Watcher Post\" \/>\n<meta property=\"article:publisher\" content=\"https:\/\/www.facebook.com\/thewatcherpost\/\" \/>\n<meta property=\"article:author\" content=\"https:\/\/www.facebook.com\/liquidfactory\" \/>\n<meta property=\"article:published_time\" content=\"2024-01-26T16:06:32+00:00\" \/>\n<meta property=\"article:modified_time\" content=\"2024-03-26T16:21:58+00:00\" \/>\n<meta property=\"og:image\" content=\"https:\/\/www.thewatcherpost.eu\/wp-content\/uploads\/2024\/04\/Senza-titolo-1.jpg\" \/>\n\t<meta property=\"og:image:width\" content=\"1200\" \/>\n\t<meta property=\"og:image:height\" content=\"675\" \/>\n\t<meta property=\"og:image:type\" content=\"image\/jpeg\" \/>\n<meta name=\"author\" content=\"Editorial Staff\" \/>\n<meta name=\"twitter:card\" content=\"summary_large_image\" \/>\n<meta name=\"twitter:creator\" content=\"@https:\/\/twitter.com\/liquidfactory\" \/>\n<meta name=\"twitter:site\" content=\"@thewatcherpost\" \/>\n<meta name=\"twitter:label1\" content=\"\u00c9crit par\" \/>\n\t<meta name=\"twitter:data1\" content=\"Editorial Staff\" \/>\n\t<meta name=\"twitter:label2\" content=\"Dur\u00e9e de lecture estim\u00e9e\" \/>\n\t<meta name=\"twitter:data2\" content=\"1 minute\" \/>\n<script type=\"application\/ld+json\" class=\"yoast-schema-graph\">{\"@context\":\"https:\/\/schema.org\",\"@graph\":[{\"@type\":\"Article\",\"@id\":\"https:\/\/www.thewatcherpost.eu\/fr\/leurodeputee-francaise-valerie-hayer-a-ete-elue-ce-jeudi-matin-presidente-de-renew-europe-le-groupe-centriste-du-parlement-europeen\/#article\",\"isPartOf\":{\"@id\":\"https:\/\/www.thewatcherpost.eu\/fr\/leurodeputee-francaise-valerie-hayer-a-ete-elue-ce-jeudi-matin-presidente-de-renew-europe-le-groupe-centriste-du-parlement-europeen\/\"},\"author\":{\"name\":\"Editorial Staff\",\"@id\":\"https:\/\/www.thewatcherpost.eu\/fr\/#\/schema\/person\/864aa9f55ca1c0214d16f799107fa2a2\"},\"headline\":\"L&rsquo;eurod\u00e9put\u00e9e fran\u00e7aise Val\u00e9rie Hayer a \u00e9t\u00e9 \u00e9lue ce jeudi matin pr\u00e9sidente de Renew Europe, le groupe centriste du Parlement europ\u00e9en\",\"datePublished\":\"2024-01-26T16:06:32+00:00\",\"dateModified\":\"2024-03-26T16:21:58+00:00\",\"mainEntityOfPage\":{\"@id\":\"https:\/\/www.thewatcherpost.eu\/fr\/leurodeputee-francaise-valerie-hayer-a-ete-elue-ce-jeudi-matin-presidente-de-renew-europe-le-groupe-centriste-du-parlement-europeen\/\"},\"wordCount\":262,\"commentCount\":0,\"publisher\":{\"@id\":\"https:\/\/www.thewatcherpost.eu\/fr\/#organization\"},\"image\":{\"@id\":\"https:\/\/www.thewatcherpost.eu\/fr\/leurodeputee-francaise-valerie-hayer-a-ete-elue-ce-jeudi-matin-presidente-de-renew-europe-le-groupe-centriste-du-parlement-europeen\/#primaryimage\"},\"thumbnailUrl\":\"\",\"keywords\":[\"french mep\",\"parlement europeen\",\"Renew Europe\",\"valerie hayer\"],\"articleSection\":[\"Politique et \u00e9conomie\"],\"inLanguage\":\"fr-FR\",\"potentialAction\":[{\"@type\":\"CommentAction\",\"name\":\"Comment\",\"target\":[\"https:\/\/www.thewatcherpost.eu\/fr\/leurodeputee-francaise-valerie-hayer-a-ete-elue-ce-jeudi-matin-presidente-de-renew-europe-le-groupe-centriste-du-parlement-europeen\/#respond\"]}]},{\"@type\":\"WebPage\",\"@id\":\"https:\/\/www.thewatcherpost.eu\/fr\/leurodeputee-francaise-valerie-hayer-a-ete-elue-ce-jeudi-matin-presidente-de-renew-europe-le-groupe-centriste-du-parlement-europeen\/\",\"url\":\"https:\/\/www.thewatcherpost.eu\/fr\/leurodeputee-francaise-valerie-hayer-a-ete-elue-ce-jeudi-matin-presidente-de-renew-europe-le-groupe-centriste-du-parlement-europeen\/\",\"name\":\"L'eurod\u00e9put\u00e9e fran\u00e7aise Val\u00e9rie Hayer a \u00e9t\u00e9 \u00e9lue pr\u00e9sidente de Renew Europe\",\"isPartOf\":{\"@id\":\"https:\/\/www.thewatcherpost.eu\/fr\/#website\"},\"primaryImageOfPage\":{\"@id\":\"https:\/\/www.thewatcherpost.eu\/fr\/leurodeputee-francaise-valerie-hayer-a-ete-elue-ce-jeudi-matin-presidente-de-renew-europe-le-groupe-centriste-du-parlement-europeen\/#primaryimage\"},\"image\":{\"@id\":\"https:\/\/www.thewatcherpost.eu\/fr\/leurodeputee-francaise-valerie-hayer-a-ete-elue-ce-jeudi-matin-presidente-de-renew-europe-le-groupe-centriste-du-parlement-europeen\/#primaryimage\"},\"thumbnailUrl\":\"\",\"datePublished\":\"2024-01-26T16:06:32+00:00\",\"dateModified\":\"2024-03-26T16:21:58+00:00\",\"description\":\"Val\u00e9rie Hayer a \u00e9t\u00e9 \u00e9lue au Parlement europ\u00e9en en 2019, sur la liste de La R\u00e9publique en marche.\",\"breadcrumb\":{\"@id\":\"https:\/\/www.thewatcherpost.eu\/fr\/leurodeputee-francaise-valerie-hayer-a-ete-elue-ce-jeudi-matin-presidente-de-renew-europe-le-groupe-centriste-du-parlement-europeen\/#breadcrumb\"},\"inLanguage\":\"fr-FR\",\"potentialAction\":[{\"@type\":\"ReadAction\",\"target\":[\"https:\/\/www.thewatcherpost.eu\/fr\/leurodeputee-francaise-valerie-hayer-a-ete-elue-ce-jeudi-matin-presidente-de-renew-europe-le-groupe-centriste-du-parlement-europeen\/\"]}]},{\"@type\":\"ImageObject\",\"inLanguage\":\"fr-FR\",\"@id\":\"https:\/\/www.thewatcherpost.eu\/fr\/leurodeputee-francaise-valerie-hayer-a-ete-elue-ce-jeudi-matin-presidente-de-renew-europe-le-groupe-centriste-du-parlement-europeen\/#primaryimage\",\"url\":\"\",\"contentUrl\":\"\",\"width\":1020,\"height\":573},{\"@type\":\"BreadcrumbList\",\"@id\":\"https:\/\/www.thewatcherpost.eu\/fr\/leurodeputee-francaise-valerie-hayer-a-ete-elue-ce-jeudi-matin-presidente-de-renew-europe-le-groupe-centriste-du-parlement-europeen\/#breadcrumb\",\"itemListElement\":[{\"@type\":\"ListItem\",\"position\":1,\"name\":\"Home\",\"item\":\"https:\/\/www.thewatcherpost.eu\/fr\/\"},{\"@type\":\"ListItem\",\"position\":2,\"name\":\"L&#8217;eurod\u00e9put\u00e9e fran\u00e7aise Val\u00e9rie Hayer a \u00e9t\u00e9 \u00e9lue ce jeudi matin pr\u00e9sidente de Renew Europe, le groupe centriste du Parlement europ\u00e9en\"}]},{\"@type\":\"WebSite\",\"@id\":\"https:\/\/www.thewatcherpost.eu\/fr\/#website\",\"url\":\"https:\/\/www.thewatcherpost.eu\/fr\/\",\"name\":\"The Watcher Post\",\"description\":\"Online newspaper platform for political and economic analysis\",\"publisher\":{\"@id\":\"https:\/\/www.thewatcherpost.eu\/fr\/#organization\"},\"alternateName\":\"The Watcher Post\",\"potentialAction\":[{\"@type\":\"SearchAction\",\"target\":{\"@type\":\"EntryPoint\",\"urlTemplate\":\"https:\/\/www.thewatcherpost.eu\/fr\/?s={search_term_string}\"},\"query-input\":{\"@type\":\"PropertyValueSpecification\",\"valueRequired\":true,\"valueName\":\"search_term_string\"}}],\"inLanguage\":\"fr-FR\"},{\"@type\":\"Organization\",\"@id\":\"https:\/\/www.thewatcherpost.eu\/fr\/#organization\",\"name\":\"The Watcher Post\",\"url\":\"https:\/\/www.thewatcherpost.eu\/fr\/\",\"logo\":{\"@type\":\"ImageObject\",\"inLanguage\":\"fr-FR\",\"@id\":\"https:\/\/www.thewatcherpost.eu\/fr\/#\/schema\/logo\/image\/\",\"url\":\"https:\/\/www.thewatcherpost.eu\/wp-content\/uploads\/2024\/04\/logo_white_twp.png\",\"contentUrl\":\"https:\/\/www.thewatcherpost.eu\/wp-content\/uploads\/2024\/04\/logo_white_twp.png\",\"width\":800,\"height\":156,\"caption\":\"The Watcher Post\"},\"image\":{\"@id\":\"https:\/\/www.thewatcherpost.eu\/fr\/#\/schema\/logo\/image\/\"},\"sameAs\":[\"https:\/\/www.facebook.com\/thewatcherpost\/\",\"https:\/\/x.com\/thewatcherpost\",\"https:\/\/www.linkedin.com\/company\/the-watcher-post\/\",\"https:\/\/www.youtube.com\/channel\/UCzJw6UA1OWVTw1s0DOajR1A\"]},{\"@type\":\"Person\",\"@id\":\"https:\/\/www.thewatcherpost.eu\/fr\/#\/schema\/person\/864aa9f55ca1c0214d16f799107fa2a2\",\"name\":\"Editorial Staff\",\"image\":{\"@type\":\"ImageObject\",\"inLanguage\":\"fr-FR\",\"@id\":\"https:\/\/www.thewatcherpost.eu\/fr\/#\/schema\/person\/image\/\",\"url\":\"https:\/\/www.thewatcherpost.eu\/wp-content\/uploads\/2024\/04\/avatar_user_1_1713270264-96x96.jpg\",\"contentUrl\":\"https:\/\/www.thewatcherpost.eu\/wp-content\/uploads\/2024\/04\/avatar_user_1_1713270264-96x96.jpg\",\"caption\":\"Editorial Staff\"},\"description\":\"A team of journalists and professionals in communication and institutional relations. The editorial staff of The Watcher Post, led by Piero Tatafiore, follows and reports on EU and member states' institutional, socio-economic and industrial developments. The Watcher Post and its editorial staff hold the same belief that Charles Foster Kane had about his \\\"Inquirer\\\" in Citizen Kane: \\\"I've got to make the New York Inquirer as important to New York as the gas in that light.\\\"\",\"sameAs\":[\"https:\/\/www.facebook.com\/liquidfactory\",\"https:\/\/www.instagram.com\/liquidfactory\",\"https:\/\/www.linkedin.com\/it\/liquidfactory\",\"https:\/\/x.com\/https:\/\/twitter.com\/liquidfactory\"],\"url\":\"https:\/\/www.thewatcherpost.eu\/fr\/author\/admin_twp\/\"}]}<\/script>\n<!-- \/ Yoast SEO plugin. -->","yoast_head_json":{"title":"L'eurod\u00e9put\u00e9e fran\u00e7aise Val\u00e9rie Hayer a \u00e9t\u00e9 \u00e9lue pr\u00e9sidente de Renew Europe","description":"Val\u00e9rie Hayer a \u00e9t\u00e9 \u00e9lue au Parlement europ\u00e9en en 2019, sur la liste de La R\u00e9publique en marche.","robots":{"index":"index","follow":"follow","max-snippet":"max-snippet:-1","max-image-preview":"max-image-preview:large","max-video-preview":"max-video-preview:-1"},"canonical":"https:\/\/www.thewatcherpost.eu\/fr\/leurodeputee-francaise-valerie-hayer-a-ete-elue-ce-jeudi-matin-presidente-de-renew-europe-le-groupe-centriste-du-parlement-europeen\/","og_locale":"fr_FR","og_type":"article","og_title":"L'eurod\u00e9put\u00e9e fran\u00e7aise Val\u00e9rie Hayer a \u00e9t\u00e9 \u00e9lue pr\u00e9sidente de Renew Europe","og_description":"Val\u00e9rie Hayer a \u00e9t\u00e9 \u00e9lue au Parlement europ\u00e9en en 2019, sur la liste de La R\u00e9publique en marche.","og_url":"https:\/\/www.thewatcherpost.eu\/fr\/leurodeputee-francaise-valerie-hayer-a-ete-elue-ce-jeudi-matin-presidente-de-renew-europe-le-groupe-centriste-du-parlement-europeen\/","og_site_name":"The Watcher Post","article_publisher":"https:\/\/www.facebook.com\/thewatcherpost\/","article_author":"https:\/\/www.facebook.com\/liquidfactory","article_published_time":"2024-01-26T16:06:32+00:00","article_modified_time":"2024-03-26T16:21:58+00:00","og_image":[{"width":1200,"height":675,"url":"https:\/\/www.thewatcherpost.eu\/wp-content\/uploads\/2024\/04\/Senza-titolo-1.jpg","type":"image\/jpeg"}],"author":"Editorial Staff","twitter_card":"summary_large_image","twitter_creator":"@https:\/\/twitter.com\/liquidfactory","twitter_site":"@thewatcherpost","twitter_misc":{"\u00c9crit par":"Editorial Staff","Dur\u00e9e de lecture estim\u00e9e":"1 minute"},"schema":{"@context":"https:\/\/schema.org","@graph":[{"@type":"Article","@id":"https:\/\/www.thewatcherpost.eu\/fr\/leurodeputee-francaise-valerie-hayer-a-ete-elue-ce-jeudi-matin-presidente-de-renew-europe-le-groupe-centriste-du-parlement-europeen\/#article","isPartOf":{"@id":"https:\/\/www.thewatcherpost.eu\/fr\/leurodeputee-francaise-valerie-hayer-a-ete-elue-ce-jeudi-matin-presidente-de-renew-europe-le-groupe-centriste-du-parlement-europeen\/"},"author":{"name":"Editorial Staff","@id":"https:\/\/www.thewatcherpost.eu\/fr\/#\/schema\/person\/864aa9f55ca1c0214d16f799107fa2a2"},"headline":"L&rsquo;eurod\u00e9put\u00e9e fran\u00e7aise Val\u00e9rie Hayer a \u00e9t\u00e9 \u00e9lue ce jeudi matin pr\u00e9sidente de Renew Europe, le groupe centriste du Parlement europ\u00e9en","datePublished":"2024-01-26T16:06:32+00:00","dateModified":"2024-03-26T16:21:58+00:00","mainEntityOfPage":{"@id":"https:\/\/www.thewatcherpost.eu\/fr\/leurodeputee-francaise-valerie-hayer-a-ete-elue-ce-jeudi-matin-presidente-de-renew-europe-le-groupe-centriste-du-parlement-europeen\/"},"wordCount":262,"commentCount":0,"publisher":{"@id":"https:\/\/www.thewatcherpost.eu\/fr\/#organization"},"image":{"@id":"https:\/\/www.thewatcherpost.eu\/fr\/leurodeputee-francaise-valerie-hayer-a-ete-elue-ce-jeudi-matin-presidente-de-renew-europe-le-groupe-centriste-du-parlement-europeen\/#primaryimage"},"thumbnailUrl":"","keywords":["french mep","parlement europeen","Renew Europe","valerie hayer"],"articleSection":["Politique et \u00e9conomie"],"inLanguage":"fr-FR","potentialAction":[{"@type":"CommentAction","name":"Comment","target":["https:\/\/www.thewatcherpost.eu\/fr\/leurodeputee-francaise-valerie-hayer-a-ete-elue-ce-jeudi-matin-presidente-de-renew-europe-le-groupe-centriste-du-parlement-europeen\/#respond"]}]},{"@type":"WebPage","@id":"https:\/\/www.thewatcherpost.eu\/fr\/leurodeputee-francaise-valerie-hayer-a-ete-elue-ce-jeudi-matin-presidente-de-renew-europe-le-groupe-centriste-du-parlement-europeen\/","url":"https:\/\/www.thewatcherpost.eu\/fr\/leurodeputee-francaise-valerie-hayer-a-ete-elue-ce-jeudi-matin-presidente-de-renew-europe-le-groupe-centriste-du-parlement-europeen\/","name":"L'eurod\u00e9put\u00e9e fran\u00e7aise Val\u00e9rie Hayer a \u00e9t\u00e9 \u00e9lue pr\u00e9sidente de Renew Europe","isPartOf":{"@id":"https:\/\/www.thewatcherpost.eu\/fr\/#website"},"primaryImageOfPage":{"@id":"https:\/\/www.thewatcherpost.eu\/fr\/leurodeputee-francaise-valerie-hayer-a-ete-elue-ce-jeudi-matin-presidente-de-renew-europe-le-groupe-centriste-du-parlement-europeen\/#primaryimage"},"image":{"@id":"https:\/\/www.thewatcherpost.eu\/fr\/leurodeputee-francaise-valerie-hayer-a-ete-elue-ce-jeudi-matin-presidente-de-renew-europe-le-groupe-centriste-du-parlement-europeen\/#primaryimage"},"thumbnailUrl":"","datePublished":"2024-01-26T16:06:32+00:00","dateModified":"2024-03-26T16:21:58+00:00","description":"Val\u00e9rie Hayer a \u00e9t\u00e9 \u00e9lue au Parlement europ\u00e9en en 2019, sur la liste de La R\u00e9publique en marche.","breadcrumb":{"@id":"https:\/\/www.thewatcherpost.eu\/fr\/leurodeputee-francaise-valerie-hayer-a-ete-elue-ce-jeudi-matin-presidente-de-renew-europe-le-groupe-centriste-du-parlement-europeen\/#breadcrumb"},"inLanguage":"fr-FR","potentialAction":[{"@type":"ReadAction","target":["https:\/\/www.thewatcherpost.eu\/fr\/leurodeputee-francaise-valerie-hayer-a-ete-elue-ce-jeudi-matin-presidente-de-renew-europe-le-groupe-centriste-du-parlement-europeen\/"]}]},{"@type":"ImageObject","inLanguage":"fr-FR","@id":"https:\/\/www.thewatcherpost.eu\/fr\/leurodeputee-francaise-valerie-hayer-a-ete-elue-ce-jeudi-matin-presidente-de-renew-europe-le-groupe-centriste-du-parlement-europeen\/#primaryimage","url":"","contentUrl":"","width":1020,"height":573},{"@type":"BreadcrumbList","@id":"https:\/\/www.thewatcherpost.eu\/fr\/leurodeputee-francaise-valerie-hayer-a-ete-elue-ce-jeudi-matin-presidente-de-renew-europe-le-groupe-centriste-du-parlement-europeen\/#breadcrumb","itemListElement":[{"@type":"ListItem","position":1,"name":"Home","item":"https:\/\/www.thewatcherpost.eu\/fr\/"},{"@type":"ListItem","position":2,"name":"L&#8217;eurod\u00e9put\u00e9e fran\u00e7aise Val\u00e9rie Hayer a \u00e9t\u00e9 \u00e9lue ce jeudi matin pr\u00e9sidente de Renew Europe, le groupe centriste du Parlement europ\u00e9en"}]},{"@type":"WebSite","@id":"https:\/\/www.thewatcherpost.eu\/fr\/#website","url":"https:\/\/www.thewatcherpost.eu\/fr\/","name":"The Watcher Post","description":"Online newspaper platform for political and economic analysis","publisher":{"@id":"https:\/\/www.thewatcherpost.eu\/fr\/#organization"},"alternateName":"The Watcher Post","potentialAction":[{"@type":"SearchAction","target":{"@type":"EntryPoint","urlTemplate":"https:\/\/www.thewatcherpost.eu\/fr\/?s={search_term_string}"},"query-input":{"@type":"PropertyValueSpecification","valueRequired":true,"valueName":"search_term_string"}}],"inLanguage":"fr-FR"},{"@type":"Organization","@id":"https:\/\/www.thewatcherpost.eu\/fr\/#organization","name":"The Watcher Post","url":"https:\/\/www.thewatcherpost.eu\/fr\/","logo":{"@type":"ImageObject","inLanguage":"fr-FR","@id":"https:\/\/www.thewatcherpost.eu\/fr\/#\/schema\/logo\/image\/","url":"https:\/\/www.thewatcherpost.eu\/wp-content\/uploads\/2024\/04\/logo_white_twp.png","contentUrl":"https:\/\/www.thewatcherpost.eu\/wp-content\/uploads\/2024\/04\/logo_white_twp.png","width":800,"height":156,"caption":"The Watcher Post"},"image":{"@id":"https:\/\/www.thewatcherpost.eu\/fr\/#\/schema\/logo\/image\/"},"sameAs":["https:\/\/www.facebook.com\/thewatcherpost\/","https:\/\/x.com\/thewatcherpost","https:\/\/www.linkedin.com\/company\/the-watcher-post\/","https:\/\/www.youtube.com\/channel\/UCzJw6UA1OWVTw1s0DOajR1A"]},{"@type":"Person","@id":"https:\/\/www.thewatcherpost.eu\/fr\/#\/schema\/person\/864aa9f55ca1c0214d16f799107fa2a2","name":"Editorial Staff","image":{"@type":"ImageObject","inLanguage":"fr-FR","@id":"https:\/\/www.thewatcherpost.eu\/fr\/#\/schema\/person\/image\/","url":"https:\/\/www.thewatcherpost.eu\/wp-content\/uploads\/2024\/04\/avatar_user_1_1713270264-96x96.jpg","contentUrl":"https:\/\/www.thewatcherpost.eu\/wp-content\/uploads\/2024\/04\/avatar_user_1_1713270264-96x96.jpg","caption":"Editorial Staff"},"description":"A team of journalists and professionals in communication and institutional relations. The editorial staff of The Watcher Post, led by Piero Tatafiore, follows and reports on EU and member states' institutional, socio-economic and industrial developments. The Watcher Post and its editorial staff hold the same belief that Charles Foster Kane had about his \"Inquirer\" in Citizen Kane: \"I've got to make the New York Inquirer as important to New York as the gas in that light.\"","sameAs":["https:\/\/www.facebook.com\/liquidfactory","https:\/\/www.instagram.com\/liquidfactory","https:\/\/www.linkedin.com\/it\/liquidfactory","https:\/\/x.com\/https:\/\/twitter.com\/liquidfactory"],"url":"https:\/\/www.thewatcherpost.eu\/fr\/author\/admin_twp\/"}]}},"meta_box":{"play_badge":"","text_reference":"","codice_embed_articolo":"","usa_casella_autore":"","select_autore":"","text_autore":"","lf_rubrica":"","articolo_in_inglese":""},"_links":{"self":[{"href":"https:\/\/www.thewatcherpost.eu\/fr\/wp-json\/wp\/v2\/posts\/499","targetHints":{"allow":["GET"]}}],"collection":[{"href":"https:\/\/www.thewatcherpost.eu\/fr\/wp-json\/wp\/v2\/posts"}],"about":[{"href":"https:\/\/www.thewatcherpost.eu\/fr\/wp-json\/wp\/v2\/types\/post"}],"author":[{"embeddable":true,"href":"https:\/\/www.thewatcherpost.eu\/fr\/wp-json\/wp\/v2\/users\/1"}],"replies":[{"embeddable":true,"href":"https:\/\/www.thewatcherpost.eu\/fr\/wp-json\/wp\/v2\/comments?post=499"}],"version-history":[{"count":1,"href":"https:\/\/www.thewatcherpost.eu\/fr\/wp-json\/wp\/v2\/posts\/499\/revisions"}],"predecessor-version":[{"id":500,"href":"https:\/\/www.thewatcherpost.eu\/fr\/wp-json\/wp\/v2\/posts\/499\/revisions\/500"}],"wp:featuredmedia":[{"embeddable":true,"href":"https:\/\/www.thewatcherpost.eu\/fr\/wp-json\/"}],"wp:attachment":[{"href":"https:\/\/www.thewatcherpost.eu\/fr\/wp-json\/wp\/v2\/media?parent=499"}],"wp:term":[{"taxonomy":"category","embeddable":true,"href":"https:\/\/www.thewatcherpost.eu\/fr\/wp-json\/wp\/v2\/categories?post=499"},{"taxonomy":"post_tag","embeddable":true,"href":"https:\/\/www.thewatcherpost.eu\/fr\/wp-json\/wp\/v2\/tags?post=499"},{"taxonomy":"rubrica","embeddable":true,"href":"https:\/\/www.thewatcherpost.eu\/fr\/wp-json\/wp\/v2\/rubrica?post=499"}],"curies":[{"name":"wp","href":"https:\/\/api.w.org\/{rel}","templated":true}]}}