{"id":891,"date":"2024-02-12T16:48:00","date_gmt":"2024-02-12T15:48:00","guid":{"rendered":"https:\/\/www.thewatcherpost.eu\/non-categorizzato\/il-green-deal-non-e-a-costo-zero\/"},"modified":"2024-04-12T13:44:08","modified_gmt":"2024-04-12T12:44:08","slug":"il-green-deal-non-e-a-costo-zero","status":"publish","type":"post","link":"https:\/\/www.thewatcherpost.eu\/it\/il-green-deal-non-e-a-costo-zero\/","title":{"rendered":"Il Green Deal non \u00e8 a costo zero"},"content":{"rendered":"\n<p>Un vecchio detto recita \u00abnon si fanno i matrimoni con i fichi secchi\u00bb.<\/p>\n\n<p>L\u2019Unione Europea \u00e8 stata virtuosamente all\u2019avanguardia nel comprendere che occorreva una vera e propria rivoluzione per ridurre il surriscaldamento del pianeta, difendere e valorizzare l\u2019ambiente, costruire un pianeta a dimensione umana.<\/p>\n\n<p>Una rivoluzione chiamata <a href=\"https:\/\/www.thewatcherpost.eu\/road-to-eu-2024\/european-socialists-manifesto-firm-on-green-deal-and-prioritizes-global-partnerships\/\">Green Deal<\/a> con scadenze e vincoli precisi e con l\u2019obiettivo della neutralit\u00e0 climatica entro il 2050 e tappe intermedie che riguardano biodiversit\u00e0, trasporti, case, agricoltura, imprese ed altro.<\/p>\n\n<p>Solo gli ingenui potevano pensare che tutto questo fosse a costo zero. Ci sono comparti che vanno sostenuti per poter affrontare la transizione ecologica ed energetica altrimenti vanno in sofferenza ed esplodono mettendo in discussione la tenuta degli impegni assunti col Green Deal. Le proteste degli agricoltori ne sono la testimonianza pi\u00f9 eclatante!<\/p>\n\n<p>L\u2019Unione Europea in verit\u00e0 ha istituito un <a href=\"https:\/\/commission.europa.eu\/funding-tenders\/find-funding\/eu-funding-programmes\/just-transition-fund_en\">Just Transition Fund<\/a> per mitigare gli effetti sociali del Green Deal, ma il suo budget \u00e8 di soli 17,5 miliardi per tutta l\u2019Europa, risultando davvero limitato. Resterebbero gli Stati membri, ma come si e\u2019 visto dai negoziati sul nuovo Patto di Stabilit\u00e0, i margini di manovra di bilancio per gli Stati Membri sembrano ridursi invece che aumentare, a causa della solita ritrosia tedesca e dell\u2019ossessione per l\u2019austerit\u00e0.<\/p>\n\n<p>In assenza di risorse finanziarie, l\u2019UE cerca quindi di plasmare l\u2019economia attraverso le regole, ma, come vediamo dalle mobilitazioni degli agricoltori, questo rischia di essere controproducente. All\u2019UE mancano le risorse finanziarie per finanziare gli investimenti necessari per raggiungere gli obiettivi entro il 2030 e il 2050 e anche per mitigare gli effetti sociali di questa regolamentazione. Tutto ci\u00f2 pone non solo un problema di sostenibilit\u00e0 sociale ma anche di competitivit\u00e0 per l\u2019Europa.<\/p>\n\n<p>Gli USA, che sono un sistema federale dotato di una capacit\u00e0 di bilancio invece di una mera regolamentazione di bilancio, stanno ad esempio sovvenzionando massicciamente la loro green economy, che \u00e8 oggi pi\u00f9 produttiva e innovativa di quella europea.<\/p>\n\n<p>Per dirla in modo semplice: \u201cAll\u2019Europa le regole ambientali senza risorse finanziarie, agli USA le risorse finanziarie senza le regole\u201d. Questo contrasto fra regole e risorse finanziarie \u00e8 ancora pi\u00f9 evidente nel caso cinese che, anche grazie ai sussidi governativi, sta diventando leader nella produzione di auto elettriche a basso prezzo e rischia cos\u00ec di colonizzare il mercato europeo all\u2019orizzonte 2035.<\/p>\n\n<p>Credo che una dotazione di gran lunga maggiore del Just Transition Fund di pari passo con una riforma della governance in senso federale, sia indispensabile perch\u00e9 la rivoluzione verde non sia una lungimirante e coraggiosa intuizione impallinata dagli interessi sociali ed economici che va a colpire.<\/p>\n","protected":false},"excerpt":{"rendered":"<p>Una rivoluzione chiamata Green Deal con scadenze e vincoli precisi Solo gli ingenui potevano pensare che tutto questo fosse a costo zero.<\/p>\n","protected":false},"author":32,"featured_media":830,"comment_status":"open","ping_status":"closed","sticky":false,"template":"","format":"standard","meta":{"footnotes":""},"categories":[5681],"tags":[],"rubrica":[],"class_list":["post-891","post","type-post","status-publish","format-standard","has-post-thumbnail","hentry","category-ambiente"],"yoast_head":"<!-- This site is optimized with the Yoast SEO plugin v26.3 - https:\/\/yoast.com\/wordpress\/plugins\/seo\/ -->\n<title>Il Green Deal non \u00e8 a costo zero<\/title>\n<meta name=\"description\" content=\"Una rivoluzione chiamata Green Deal con scadenze e vincoli precisi Solo gli ingenui potevano pensare che tutto questo fosse a costo zero.\" \/>\n<meta name=\"robots\" content=\"index, follow, max-snippet:-1, max-image-preview:large, max-video-preview:-1\" \/>\n<link rel=\"canonical\" href=\"https:\/\/www.thewatcherpost.eu\/it\/il-green-deal-non-e-a-costo-zero\/\" \/>\n<meta property=\"og:locale\" content=\"it_IT\" \/>\n<meta property=\"og:type\" content=\"article\" \/>\n<meta property=\"og:title\" content=\"Il Green Deal non \u00e8 a costo zero\" \/>\n<meta property=\"og:description\" content=\"Una rivoluzione chiamata Green Deal con scadenze e vincoli precisi Solo gli ingenui potevano pensare che tutto questo fosse a costo zero.\" \/>\n<meta property=\"og:url\" content=\"https:\/\/www.thewatcherpost.eu\/it\/il-green-deal-non-e-a-costo-zero\/\" \/>\n<meta property=\"og:site_name\" content=\"The Watcher Post\" \/>\n<meta property=\"article:publisher\" content=\"https:\/\/www.facebook.com\/thewatcherpost\/\" \/>\n<meta property=\"article:published_time\" content=\"2024-02-12T15:48:00+00:00\" \/>\n<meta property=\"article:modified_time\" content=\"2024-04-12T12:44:08+00:00\" \/>\n<meta property=\"og:image\" content=\"https:\/\/www.thewatcherpost.eu\/wp-content\/uploads\/2024\/04\/TWP-2024-04-11T175306.306.jpg\" \/>\n\t<meta property=\"og:image:width\" content=\"1250\" \/>\n\t<meta property=\"og:image:height\" content=\"750\" \/>\n\t<meta property=\"og:image:type\" content=\"image\/jpeg\" \/>\n<meta name=\"author\" content=\"Gianni Pittella\" \/>\n<meta name=\"twitter:card\" content=\"summary_large_image\" \/>\n<meta name=\"twitter:creator\" content=\"@thewatcherpost\" \/>\n<meta name=\"twitter:site\" content=\"@thewatcherpost\" \/>\n<meta name=\"twitter:label1\" content=\"Scritto da\" \/>\n\t<meta name=\"twitter:data1\" content=\"Gianni Pittella\" \/>\n\t<meta name=\"twitter:label2\" content=\"Tempo di lettura stimato\" \/>\n\t<meta name=\"twitter:data2\" content=\"2 minuti\" \/>\n<script type=\"application\/ld+json\" class=\"yoast-schema-graph\">{\"@context\":\"https:\/\/schema.org\",\"@graph\":[{\"@type\":\"Article\",\"@id\":\"https:\/\/www.thewatcherpost.eu\/it\/il-green-deal-non-e-a-costo-zero\/#article\",\"isPartOf\":{\"@id\":\"https:\/\/www.thewatcherpost.eu\/it\/il-green-deal-non-e-a-costo-zero\/\"},\"author\":{\"name\":\"Gianni Pittella\",\"@id\":\"https:\/\/www.thewatcherpost.eu\/it\/#\/schema\/person\/1f8bf00a138c714e385060c6037413e0\"},\"headline\":\"Il Green Deal non \u00e8 a costo zero\",\"datePublished\":\"2024-02-12T15:48:00+00:00\",\"dateModified\":\"2024-04-12T12:44:08+00:00\",\"mainEntityOfPage\":{\"@id\":\"https:\/\/www.thewatcherpost.eu\/it\/il-green-deal-non-e-a-costo-zero\/\"},\"wordCount\":432,\"commentCount\":0,\"publisher\":{\"@id\":\"https:\/\/www.thewatcherpost.eu\/it\/#organization\"},\"image\":{\"@id\":\"https:\/\/www.thewatcherpost.eu\/it\/il-green-deal-non-e-a-costo-zero\/#primaryimage\"},\"thumbnailUrl\":\"https:\/\/www.thewatcherpost.eu\/wp-content\/uploads\/2024\/04\/TWP-2024-04-11T175306.306.jpg\",\"articleSection\":[\"Ambiente\"],\"inLanguage\":\"it-IT\",\"potentialAction\":[{\"@type\":\"CommentAction\",\"name\":\"Comment\",\"target\":[\"https:\/\/www.thewatcherpost.eu\/it\/il-green-deal-non-e-a-costo-zero\/#respond\"]}]},{\"@type\":\"WebPage\",\"@id\":\"https:\/\/www.thewatcherpost.eu\/it\/il-green-deal-non-e-a-costo-zero\/\",\"url\":\"https:\/\/www.thewatcherpost.eu\/it\/il-green-deal-non-e-a-costo-zero\/\",\"name\":\"Il Green Deal non \u00e8 a costo zero\",\"isPartOf\":{\"@id\":\"https:\/\/www.thewatcherpost.eu\/it\/#website\"},\"primaryImageOfPage\":{\"@id\":\"https:\/\/www.thewatcherpost.eu\/it\/il-green-deal-non-e-a-costo-zero\/#primaryimage\"},\"image\":{\"@id\":\"https:\/\/www.thewatcherpost.eu\/it\/il-green-deal-non-e-a-costo-zero\/#primaryimage\"},\"thumbnailUrl\":\"https:\/\/www.thewatcherpost.eu\/wp-content\/uploads\/2024\/04\/TWP-2024-04-11T175306.306.jpg\",\"datePublished\":\"2024-02-12T15:48:00+00:00\",\"dateModified\":\"2024-04-12T12:44:08+00:00\",\"description\":\"Una rivoluzione chiamata Green Deal con scadenze e vincoli precisi Solo gli ingenui potevano pensare che tutto questo fosse a costo zero.\",\"breadcrumb\":{\"@id\":\"https:\/\/www.thewatcherpost.eu\/it\/il-green-deal-non-e-a-costo-zero\/#breadcrumb\"},\"inLanguage\":\"it-IT\",\"potentialAction\":[{\"@type\":\"ReadAction\",\"target\":[\"https:\/\/www.thewatcherpost.eu\/it\/il-green-deal-non-e-a-costo-zero\/\"]}]},{\"@type\":\"ImageObject\",\"inLanguage\":\"it-IT\",\"@id\":\"https:\/\/www.thewatcherpost.eu\/it\/il-green-deal-non-e-a-costo-zero\/#primaryimage\",\"url\":\"https:\/\/www.thewatcherpost.eu\/wp-content\/uploads\/2024\/04\/TWP-2024-04-11T175306.306.jpg\",\"contentUrl\":\"https:\/\/www.thewatcherpost.eu\/wp-content\/uploads\/2024\/04\/TWP-2024-04-11T175306.306.jpg\",\"width\":1250,\"height\":750,\"caption\":\"xr:d:DAEUa0u19Mk:7027,j:6243539530790568072,t:24041115\"},{\"@type\":\"BreadcrumbList\",\"@id\":\"https:\/\/www.thewatcherpost.eu\/it\/il-green-deal-non-e-a-costo-zero\/#breadcrumb\",\"itemListElement\":[{\"@type\":\"ListItem\",\"position\":1,\"name\":\"Home\",\"item\":\"https:\/\/www.thewatcherpost.eu\/it\/\"},{\"@type\":\"ListItem\",\"position\":2,\"name\":\"Il Green Deal non \u00e8 a costo zero\"}]},{\"@type\":\"WebSite\",\"@id\":\"https:\/\/www.thewatcherpost.eu\/it\/#website\",\"url\":\"https:\/\/www.thewatcherpost.eu\/it\/\",\"name\":\"The Watcher Post\",\"description\":\"Online newspaper platform for political and economic analysis\",\"publisher\":{\"@id\":\"https:\/\/www.thewatcherpost.eu\/it\/#organization\"},\"alternateName\":\"The Watcher Post\",\"potentialAction\":[{\"@type\":\"SearchAction\",\"target\":{\"@type\":\"EntryPoint\",\"urlTemplate\":\"https:\/\/www.thewatcherpost.eu\/it\/?s={search_term_string}\"},\"query-input\":{\"@type\":\"PropertyValueSpecification\",\"valueRequired\":true,\"valueName\":\"search_term_string\"}}],\"inLanguage\":\"it-IT\"},{\"@type\":\"Organization\",\"@id\":\"https:\/\/www.thewatcherpost.eu\/it\/#organization\",\"name\":\"The Watcher Post\",\"url\":\"https:\/\/www.thewatcherpost.eu\/it\/\",\"logo\":{\"@type\":\"ImageObject\",\"inLanguage\":\"it-IT\",\"@id\":\"https:\/\/www.thewatcherpost.eu\/it\/#\/schema\/logo\/image\/\",\"url\":\"https:\/\/www.thewatcherpost.eu\/wp-content\/uploads\/2024\/04\/logo_white_twp.png\",\"contentUrl\":\"https:\/\/www.thewatcherpost.eu\/wp-content\/uploads\/2024\/04\/logo_white_twp.png\",\"width\":800,\"height\":156,\"caption\":\"The Watcher Post\"},\"image\":{\"@id\":\"https:\/\/www.thewatcherpost.eu\/it\/#\/schema\/logo\/image\/\"},\"sameAs\":[\"https:\/\/www.facebook.com\/thewatcherpost\/\",\"https:\/\/x.com\/thewatcherpost\",\"https:\/\/www.linkedin.com\/company\/the-watcher-post\/\",\"https:\/\/www.youtube.com\/channel\/UCzJw6UA1OWVTw1s0DOajR1A\"]},{\"@type\":\"Person\",\"@id\":\"https:\/\/www.thewatcherpost.eu\/it\/#\/schema\/person\/1f8bf00a138c714e385060c6037413e0\",\"name\":\"Gianni Pittella\",\"image\":{\"@type\":\"ImageObject\",\"inLanguage\":\"it-IT\",\"@id\":\"https:\/\/www.thewatcherpost.eu\/it\/#\/schema\/person\/image\/\",\"url\":\"https:\/\/www.thewatcherpost.eu\/wp-content\/uploads\/2024\/04\/avatar_user_32_1713261773-96x96.jpg\",\"contentUrl\":\"https:\/\/www.thewatcherpost.eu\/wp-content\/uploads\/2024\/04\/avatar_user_32_1713261773-96x96.jpg\",\"caption\":\"Gianni Pittella\"},\"description\":\"Graduated in Medicine and Surgery, he is an authoritative expert on European policies and local authorities, internationally recognized. Former President and Vice-President of the European Parliament, he has also been a deputy in Italy and, more recently, a senator. Moreover, he has served as President of the Socialist and Democrats party in the European Parliament. Today, he is the Mayor of his hometown, Lauria, in the province of Potenza. He has an intense editorial activity, with the publication of articles and essays.\",\"url\":\"https:\/\/www.thewatcherpost.eu\/it\/author\/gianni-pittella\/\"}]}<\/script>\n<!-- \/ Yoast SEO plugin. -->","yoast_head_json":{"title":"Il Green Deal non \u00e8 a costo zero","description":"Una rivoluzione chiamata Green Deal con scadenze e vincoli precisi Solo gli ingenui potevano pensare che tutto questo fosse a costo zero.","robots":{"index":"index","follow":"follow","max-snippet":"max-snippet:-1","max-image-preview":"max-image-preview:large","max-video-preview":"max-video-preview:-1"},"canonical":"https:\/\/www.thewatcherpost.eu\/it\/il-green-deal-non-e-a-costo-zero\/","og_locale":"it_IT","og_type":"article","og_title":"Il Green Deal non \u00e8 a costo zero","og_description":"Una rivoluzione chiamata Green Deal con scadenze e vincoli precisi Solo gli ingenui potevano pensare che tutto questo fosse a costo zero.","og_url":"https:\/\/www.thewatcherpost.eu\/it\/il-green-deal-non-e-a-costo-zero\/","og_site_name":"The Watcher Post","article_publisher":"https:\/\/www.facebook.com\/thewatcherpost\/","article_published_time":"2024-02-12T15:48:00+00:00","article_modified_time":"2024-04-12T12:44:08+00:00","og_image":[{"width":1250,"height":750,"url":"https:\/\/www.thewatcherpost.eu\/wp-content\/uploads\/2024\/04\/TWP-2024-04-11T175306.306.jpg","type":"image\/jpeg"}],"author":"Gianni Pittella","twitter_card":"summary_large_image","twitter_creator":"@thewatcherpost","twitter_site":"@thewatcherpost","twitter_misc":{"Scritto da":"Gianni Pittella","Tempo di lettura stimato":"2 minuti"},"schema":{"@context":"https:\/\/schema.org","@graph":[{"@type":"Article","@id":"https:\/\/www.thewatcherpost.eu\/it\/il-green-deal-non-e-a-costo-zero\/#article","isPartOf":{"@id":"https:\/\/www.thewatcherpost.eu\/it\/il-green-deal-non-e-a-costo-zero\/"},"author":{"name":"Gianni Pittella","@id":"https:\/\/www.thewatcherpost.eu\/it\/#\/schema\/person\/1f8bf00a138c714e385060c6037413e0"},"headline":"Il Green Deal non \u00e8 a costo zero","datePublished":"2024-02-12T15:48:00+00:00","dateModified":"2024-04-12T12:44:08+00:00","mainEntityOfPage":{"@id":"https:\/\/www.thewatcherpost.eu\/it\/il-green-deal-non-e-a-costo-zero\/"},"wordCount":432,"commentCount":0,"publisher":{"@id":"https:\/\/www.thewatcherpost.eu\/it\/#organization"},"image":{"@id":"https:\/\/www.thewatcherpost.eu\/it\/il-green-deal-non-e-a-costo-zero\/#primaryimage"},"thumbnailUrl":"https:\/\/www.thewatcherpost.eu\/wp-content\/uploads\/2024\/04\/TWP-2024-04-11T175306.306.jpg","articleSection":["Ambiente"],"inLanguage":"it-IT","potentialAction":[{"@type":"CommentAction","name":"Comment","target":["https:\/\/www.thewatcherpost.eu\/it\/il-green-deal-non-e-a-costo-zero\/#respond"]}]},{"@type":"WebPage","@id":"https:\/\/www.thewatcherpost.eu\/it\/il-green-deal-non-e-a-costo-zero\/","url":"https:\/\/www.thewatcherpost.eu\/it\/il-green-deal-non-e-a-costo-zero\/","name":"Il Green Deal non \u00e8 a costo zero","isPartOf":{"@id":"https:\/\/www.thewatcherpost.eu\/it\/#website"},"primaryImageOfPage":{"@id":"https:\/\/www.thewatcherpost.eu\/it\/il-green-deal-non-e-a-costo-zero\/#primaryimage"},"image":{"@id":"https:\/\/www.thewatcherpost.eu\/it\/il-green-deal-non-e-a-costo-zero\/#primaryimage"},"thumbnailUrl":"https:\/\/www.thewatcherpost.eu\/wp-content\/uploads\/2024\/04\/TWP-2024-04-11T175306.306.jpg","datePublished":"2024-02-12T15:48:00+00:00","dateModified":"2024-04-12T12:44:08+00:00","description":"Una rivoluzione chiamata Green Deal con scadenze e vincoli precisi Solo gli ingenui potevano pensare che tutto questo fosse a costo zero.","breadcrumb":{"@id":"https:\/\/www.thewatcherpost.eu\/it\/il-green-deal-non-e-a-costo-zero\/#breadcrumb"},"inLanguage":"it-IT","potentialAction":[{"@type":"ReadAction","target":["https:\/\/www.thewatcherpost.eu\/it\/il-green-deal-non-e-a-costo-zero\/"]}]},{"@type":"ImageObject","inLanguage":"it-IT","@id":"https:\/\/www.thewatcherpost.eu\/it\/il-green-deal-non-e-a-costo-zero\/#primaryimage","url":"https:\/\/www.thewatcherpost.eu\/wp-content\/uploads\/2024\/04\/TWP-2024-04-11T175306.306.jpg","contentUrl":"https:\/\/www.thewatcherpost.eu\/wp-content\/uploads\/2024\/04\/TWP-2024-04-11T175306.306.jpg","width":1250,"height":750,"caption":"xr:d:DAEUa0u19Mk:7027,j:6243539530790568072,t:24041115"},{"@type":"BreadcrumbList","@id":"https:\/\/www.thewatcherpost.eu\/it\/il-green-deal-non-e-a-costo-zero\/#breadcrumb","itemListElement":[{"@type":"ListItem","position":1,"name":"Home","item":"https:\/\/www.thewatcherpost.eu\/it\/"},{"@type":"ListItem","position":2,"name":"Il Green Deal non \u00e8 a costo zero"}]},{"@type":"WebSite","@id":"https:\/\/www.thewatcherpost.eu\/it\/#website","url":"https:\/\/www.thewatcherpost.eu\/it\/","name":"The Watcher Post","description":"Online newspaper platform for political and economic analysis","publisher":{"@id":"https:\/\/www.thewatcherpost.eu\/it\/#organization"},"alternateName":"The Watcher Post","potentialAction":[{"@type":"SearchAction","target":{"@type":"EntryPoint","urlTemplate":"https:\/\/www.thewatcherpost.eu\/it\/?s={search_term_string}"},"query-input":{"@type":"PropertyValueSpecification","valueRequired":true,"valueName":"search_term_string"}}],"inLanguage":"it-IT"},{"@type":"Organization","@id":"https:\/\/www.thewatcherpost.eu\/it\/#organization","name":"The Watcher Post","url":"https:\/\/www.thewatcherpost.eu\/it\/","logo":{"@type":"ImageObject","inLanguage":"it-IT","@id":"https:\/\/www.thewatcherpost.eu\/it\/#\/schema\/logo\/image\/","url":"https:\/\/www.thewatcherpost.eu\/wp-content\/uploads\/2024\/04\/logo_white_twp.png","contentUrl":"https:\/\/www.thewatcherpost.eu\/wp-content\/uploads\/2024\/04\/logo_white_twp.png","width":800,"height":156,"caption":"The Watcher Post"},"image":{"@id":"https:\/\/www.thewatcherpost.eu\/it\/#\/schema\/logo\/image\/"},"sameAs":["https:\/\/www.facebook.com\/thewatcherpost\/","https:\/\/x.com\/thewatcherpost","https:\/\/www.linkedin.com\/company\/the-watcher-post\/","https:\/\/www.youtube.com\/channel\/UCzJw6UA1OWVTw1s0DOajR1A"]},{"@type":"Person","@id":"https:\/\/www.thewatcherpost.eu\/it\/#\/schema\/person\/1f8bf00a138c714e385060c6037413e0","name":"Gianni Pittella","image":{"@type":"ImageObject","inLanguage":"it-IT","@id":"https:\/\/www.thewatcherpost.eu\/it\/#\/schema\/person\/image\/","url":"https:\/\/www.thewatcherpost.eu\/wp-content\/uploads\/2024\/04\/avatar_user_32_1713261773-96x96.jpg","contentUrl":"https:\/\/www.thewatcherpost.eu\/wp-content\/uploads\/2024\/04\/avatar_user_32_1713261773-96x96.jpg","caption":"Gianni Pittella"},"description":"Graduated in Medicine and Surgery, he is an authoritative expert on European policies and local authorities, internationally recognized. Former President and Vice-President of the European Parliament, he has also been a deputy in Italy and, more recently, a senator. Moreover, he has served as President of the Socialist and Democrats party in the European Parliament. Today, he is the Mayor of his hometown, Lauria, in the province of Potenza. He has an intense editorial activity, with the publication of articles and essays.","url":"https:\/\/www.thewatcherpost.eu\/it\/author\/gianni-pittella\/"}]}},"meta_box":{"play_badge":"","text_reference":"","codice_embed_articolo":"","usa_casella_autore":"","select_autore":"","text_autore":"","lf_rubrica":"","articolo_in_inglese":""},"_links":{"self":[{"href":"https:\/\/www.thewatcherpost.eu\/it\/wp-json\/wp\/v2\/posts\/891","targetHints":{"allow":["GET"]}}],"collection":[{"href":"https:\/\/www.thewatcherpost.eu\/it\/wp-json\/wp\/v2\/posts"}],"about":[{"href":"https:\/\/www.thewatcherpost.eu\/it\/wp-json\/wp\/v2\/types\/post"}],"author":[{"embeddable":true,"href":"https:\/\/www.thewatcherpost.eu\/it\/wp-json\/wp\/v2\/users\/32"}],"replies":[{"embeddable":true,"href":"https:\/\/www.thewatcherpost.eu\/it\/wp-json\/wp\/v2\/comments?post=891"}],"version-history":[{"count":1,"href":"https:\/\/www.thewatcherpost.eu\/it\/wp-json\/wp\/v2\/posts\/891\/revisions"}],"predecessor-version":[{"id":892,"href":"https:\/\/www.thewatcherpost.eu\/it\/wp-json\/wp\/v2\/posts\/891\/revisions\/892"}],"wp:featuredmedia":[{"embeddable":true,"href":"https:\/\/www.thewatcherpost.eu\/it\/wp-json\/wp\/v2\/media\/830"}],"wp:attachment":[{"href":"https:\/\/www.thewatcherpost.eu\/it\/wp-json\/wp\/v2\/media?parent=891"}],"wp:term":[{"taxonomy":"category","embeddable":true,"href":"https:\/\/www.thewatcherpost.eu\/it\/wp-json\/wp\/v2\/categories?post=891"},{"taxonomy":"post_tag","embeddable":true,"href":"https:\/\/www.thewatcherpost.eu\/it\/wp-json\/wp\/v2\/tags?post=891"},{"taxonomy":"rubrica","embeddable":true,"href":"https:\/\/www.thewatcherpost.eu\/it\/wp-json\/wp\/v2\/rubrica?post=891"}],"curies":[{"name":"wp","href":"https:\/\/api.w.org\/{rel}","templated":true}]}}